{"id":3099,"date":"2026-03-13T18:49:46","date_gmt":"2026-03-13T17:49:46","guid":{"rendered":"https:\/\/lagnieugym.fr\/?p=3099"},"modified":"2026-03-27T18:59:03","modified_gmt":"2026-03-27T17:59:03","slug":"championnat-interdepartemental-individuel-performance-poussines-et-federal-a1-le-7-8-mars-a-gex","status":"publish","type":"post","link":"https:\/\/lagnieugym.fr\/index.php\/2026\/03\/13\/championnat-interdepartemental-individuel-performance-poussines-et-federal-a1-le-7-8-mars-a-gex\/","title":{"rendered":"Championnat interd\u00e9partemental individuel performance Poussines et F\u00e9d\u00e9ral A1 le 7-8 Mars \u00e0 Gex"},"content":{"rendered":"\n<p>Retour sur le championnat inter-d\u00e9partemental individuel performance Poussines et F\u00e9d\u00e9ral A1 \u00e0 Gex.<\/p>\n\n\n\n<p>Le samedi <br>en cat\u00e9gorie performance 8 ans, Mia termine 2e\/23 <img loading=\"lazy\" decoding=\"async\" height=\"16\" width=\"16\" src=\"https:\/\/static.xx.fbcdn.net\/images\/emoji.php\/v9\/t15\/1\/16\/1f948.png\" alt=\"\ud83e\udd48\">, elle est qualifi\u00e9e pour la finale r\u00e9gionale.<br>en cat\u00e9gorie performance 9 ans, Agathe termine : 21e\/31, elle est en attente du classement vertical pour la finale r\u00e9gionale<\/p>\n\n\n\n<p>Le dimanche <br>en F\u00e9d\u00e9ral A1 10\/11 ans, Milla termine 5e\/49 et Tya termine 6e\/49<br>en F\u00e9d\u00e9ral A1 12\/13 ans, Tha\u00efs D termine 3e\/55 <img loading=\"lazy\" decoding=\"async\" height=\"16\" width=\"16\" src=\"https:\/\/static.xx.fbcdn.net\/images\/emoji.php\/v9\/t96\/1\/16\/1f949.png\" alt=\"\ud83e\udd49\"> et Jahlys termine 14e\/55<\/p>\n\n\n\n<p>La saison individuelle est termin\u00e9e pour les F\u00e9d\u00e9ral A1 Bravo \u00e0 elles !<\/p>\n\n\n\n<p>On se retrouve dimanche 15 mars pour la comp\u00e9tition interd\u00e9partemental \u00e9quipe f\u00e9d\u00e9ral A \u00e0 Jassans ! <\/p>\n\n\n\n<figure class=\"wp-block-image size-large\"><img loading=\"lazy\" decoding=\"async\" width=\"1024\" height=\"1024\" src=\"https:\/\/lagnieugym.fr\/wp-content\/uploads\/2026\/03\/649237397_17993950703926098_2520668641001314656_n-1024x1024.png\" alt=\"\" class=\"wp-image-3100\" srcset=\"https:\/\/lagnieugym.fr\/wp-content\/uploads\/2026\/03\/649237397_17993950703926098_2520668641001314656_n-1024x1024.png 1024w, https:\/\/lagnieugym.fr\/wp-content\/uploads\/2026\/03\/649237397_17993950703926098_2520668641001314656_n-300x300.png 300w, https:\/\/lagnieugym.fr\/wp-content\/uploads\/2026\/03\/649237397_17993950703926098_2520668641001314656_n-150x150.png 150w, https:\/\/lagnieugym.fr\/wp-content\/uploads\/2026\/03\/649237397_17993950703926098_2520668641001314656_n-768x768.png 768w, https:\/\/lagnieugym.fr\/wp-content\/uploads\/2026\/03\/649237397_17993950703926098_2520668641001314656_n-1140x1140.png 1140w, https:\/\/lagnieugym.fr\/wp-content\/uploads\/2026\/03\/649237397_17993950703926098_2520668641001314656_n-75x75.png 75w, https:\/\/lagnieugym.fr\/wp-content\/uploads\/2026\/03\/649237397_17993950703926098_2520668641001314656_n.png 1440w\" sizes=\"auto, (max-width: 1024px) 100vw, 1024px\" \/><figcaption class=\"wp-element-caption\">Agathe et Mia<\/figcaption><\/figure>\n\n\n\n<figure class=\"wp-block-image size-large\"><img loading=\"lazy\" decoding=\"async\" width=\"1024\" height=\"1024\" src=\"https:\/\/lagnieugym.fr\/wp-content\/uploads\/2026\/03\/648662734_17993950721926098_1086096016851906659_n-1024x1024.png\" alt=\"\" class=\"wp-image-3101\" srcset=\"https:\/\/lagnieugym.fr\/wp-content\/uploads\/2026\/03\/648662734_17993950721926098_1086096016851906659_n-1024x1024.png 1024w, https:\/\/lagnieugym.fr\/wp-content\/uploads\/2026\/03\/648662734_17993950721926098_1086096016851906659_n-300x300.png 300w, https:\/\/lagnieugym.fr\/wp-content\/uploads\/2026\/03\/648662734_17993950721926098_1086096016851906659_n-150x150.png 150w, https:\/\/lagnieugym.fr\/wp-content\/uploads\/2026\/03\/648662734_17993950721926098_1086096016851906659_n-768x768.png 768w, https:\/\/lagnieugym.fr\/wp-content\/uploads\/2026\/03\/648662734_17993950721926098_1086096016851906659_n-1140x1140.png 1140w, https:\/\/lagnieugym.fr\/wp-content\/uploads\/2026\/03\/648662734_17993950721926098_1086096016851906659_n-75x75.png 75w, https:\/\/lagnieugym.fr\/wp-content\/uploads\/2026\/03\/648662734_17993950721926098_1086096016851906659_n.png 1440w\" sizes=\"auto, (max-width: 1024px) 100vw, 1024px\" \/><figcaption class=\"wp-element-caption\">Milla et Tya<\/figcaption><\/figure>\n\n\n\n<figure class=\"wp-block-image size-large\"><img loading=\"lazy\" decoding=\"async\" width=\"1024\" height=\"1024\" src=\"https:\/\/lagnieugym.fr\/wp-content\/uploads\/2026\/03\/649227848_17993950748926098_8753498451724748505_n-1024x1024.png\" alt=\"\" class=\"wp-image-3102\" srcset=\"https:\/\/lagnieugym.fr\/wp-content\/uploads\/2026\/03\/649227848_17993950748926098_8753498451724748505_n-1024x1024.png 1024w, https:\/\/lagnieugym.fr\/wp-content\/uploads\/2026\/03\/649227848_17993950748926098_8753498451724748505_n-300x300.png 300w, https:\/\/lagnieugym.fr\/wp-content\/uploads\/2026\/03\/649227848_17993950748926098_8753498451724748505_n-150x150.png 150w, https:\/\/lagnieugym.fr\/wp-content\/uploads\/2026\/03\/649227848_17993950748926098_8753498451724748505_n-768x768.png 768w, https:\/\/lagnieugym.fr\/wp-content\/uploads\/2026\/03\/649227848_17993950748926098_8753498451724748505_n-1140x1140.png 1140w, https:\/\/lagnieugym.fr\/wp-content\/uploads\/2026\/03\/649227848_17993950748926098_8753498451724748505_n-75x75.png 75w, https:\/\/lagnieugym.fr\/wp-content\/uploads\/2026\/03\/649227848_17993950748926098_8753498451724748505_n.png 1440w\" sizes=\"auto, (max-width: 1024px) 100vw, 1024px\" \/><figcaption class=\"wp-element-caption\">Jahlys et Tha\u00efs<\/figcaption><\/figure>\n\n\n\n<figure class=\"wp-block-image size-full\"><img loading=\"lazy\" decoding=\"async\" width=\"952\" height=\"599\" src=\"https:\/\/lagnieugym.fr\/wp-content\/uploads\/2026\/03\/648644746_17993950745926098_6944320935627531332_n.png\" alt=\"\" class=\"wp-image-3103\" srcset=\"https:\/\/lagnieugym.fr\/wp-content\/uploads\/2026\/03\/648644746_17993950745926098_6944320935627531332_n.png 952w, https:\/\/lagnieugym.fr\/wp-content\/uploads\/2026\/03\/648644746_17993950745926098_6944320935627531332_n-300x189.png 300w, https:\/\/lagnieugym.fr\/wp-content\/uploads\/2026\/03\/648644746_17993950745926098_6944320935627531332_n-768x483.png 768w\" sizes=\"auto, (max-width: 952px) 100vw, 952px\" \/><\/figure>\n\n\n\n<figure class=\"wp-block-image size-large\"><img loading=\"lazy\" decoding=\"async\" width=\"1024\" height=\"1024\" src=\"https:\/\/lagnieugym.fr\/wp-content\/uploads\/2026\/03\/649239547_17993950730926098_1398992018889025959_n-1024x1024.png\" alt=\"\" class=\"wp-image-3104\" srcset=\"https:\/\/lagnieugym.fr\/wp-content\/uploads\/2026\/03\/649239547_17993950730926098_1398992018889025959_n-1024x1024.png 1024w, https:\/\/lagnieugym.fr\/wp-content\/uploads\/2026\/03\/649239547_17993950730926098_1398992018889025959_n-300x300.png 300w, https:\/\/lagnieugym.fr\/wp-content\/uploads\/2026\/03\/649239547_17993950730926098_1398992018889025959_n-150x150.png 150w, https:\/\/lagnieugym.fr\/wp-content\/uploads\/2026\/03\/649239547_17993950730926098_1398992018889025959_n-768x768.png 768w, https:\/\/lagnieugym.fr\/wp-content\/uploads\/2026\/03\/649239547_17993950730926098_1398992018889025959_n-1140x1140.png 1140w, https:\/\/lagnieugym.fr\/wp-content\/uploads\/2026\/03\/649239547_17993950730926098_1398992018889025959_n-75x75.png 75w, https:\/\/lagnieugym.fr\/wp-content\/uploads\/2026\/03\/649239547_17993950730926098_1398992018889025959_n.png 1440w\" sizes=\"auto, (max-width: 1024px) 100vw, 1024px\" \/><\/figure>\n","protected":false},"excerpt":{"rendered":"<p>Retour sur le championnat inter-d\u00e9partemental individuel performance Poussines et F\u00e9d\u00e9ral A1 \u00e0 Gex. Le samedi en cat\u00e9gorie performance 8 ans, Mia termine 2e\/23 , elle est qualifi\u00e9e pour la finale r\u00e9gionale.en cat\u00e9gorie performance 9 ans, Agathe termine : 21e\/31, elle est en attente du classement vertical pour la finale r\u00e9gionale Le dimanche en F\u00e9d\u00e9ral A1 10\/11 ans, Milla termine 5e\/49 et Tya termine 6e\/49en F\u00e9d\u00e9ral A1 12\/13 ans, Tha\u00efs D termine 3e\/55 et Jahlys termine 14e\/55 La saison individuelle est termin\u00e9e pour les F\u00e9d\u00e9ral A1 Bravo \u00e0 elles ! On se retrouve dimanche 15 mars pour la comp\u00e9tition interd\u00e9partemental \u00e9quipe f\u00e9d\u00e9ral A \u00e0 Jassans !<\/p>\n","protected":false},"author":1,"featured_media":0,"comment_status":"open","ping_status":"open","sticky":false,"template":"","format":"standard","meta":{"footnotes":""},"categories":[2,7],"tags":[13,22],"class_list":["post-3099","post","type-post","status-publish","format-standard","hentry","category-accueil","category-resultats","tag-competitions","tag-resultats"],"yoast_head":"<!-- This site is optimized with the Yoast SEO plugin v27.2 - https:\/\/yoast.com\/product\/yoast-seo-wordpress\/ -->\n<title>Championnat interd\u00e9partemental individuel performance Poussines et F\u00e9d\u00e9ral A1 le 7-8 Mars \u00e0 Gex - Lagnieu Gym<\/title>\n<meta name=\"robots\" content=\"index, follow, max-snippet:-1, max-image-preview:large, max-video-preview:-1\" \/>\n<link rel=\"canonical\" href=\"https:\/\/lagnieugym.fr\/index.php\/2026\/03\/13\/championnat-interdepartemental-individuel-performance-poussines-et-federal-a1-le-7-8-mars-a-gex\/\" \/>\n<meta property=\"og:locale\" content=\"fr_FR\" \/>\n<meta property=\"og:type\" content=\"article\" \/>\n<meta property=\"og:title\" content=\"Championnat interd\u00e9partemental individuel performance Poussines et F\u00e9d\u00e9ral A1 le 7-8 Mars \u00e0 Gex - Lagnieu Gym\" \/>\n<meta property=\"og:description\" content=\"Retour sur le championnat inter-d\u00e9partemental individuel performance Poussines et F\u00e9d\u00e9ral A1 \u00e0 Gex. Le samedi en cat\u00e9gorie performance 8 ans, Mia termine 2e\/23 , elle est qualifi\u00e9e pour la finale r\u00e9gionale.en cat\u00e9gorie performance 9 ans, Agathe termine : 21e\/31, elle est en attente du classement vertical pour la finale r\u00e9gionale Le dimanche en F\u00e9d\u00e9ral A1 10\/11 ans, Milla termine 5e\/49 et Tya termine 6e\/49en F\u00e9d\u00e9ral A1 12\/13 ans, Tha\u00efs D termine 3e\/55 et Jahlys termine 14e\/55 La saison individuelle est termin\u00e9e pour les F\u00e9d\u00e9ral A1 Bravo \u00e0 elles ! On se retrouve dimanche 15 mars pour la comp\u00e9tition interd\u00e9partemental \u00e9quipe f\u00e9d\u00e9ral A \u00e0 Jassans !\" \/>\n<meta property=\"og:url\" content=\"https:\/\/lagnieugym.fr\/index.php\/2026\/03\/13\/championnat-interdepartemental-individuel-performance-poussines-et-federal-a1-le-7-8-mars-a-gex\/\" \/>\n<meta property=\"og:site_name\" content=\"Lagnieu Gym\" \/>\n<meta property=\"article:publisher\" content=\"https:\/\/www.facebook.com\/profile.php?id=100089712349019\" \/>\n<meta property=\"article:published_time\" content=\"2026-03-13T17:49:46+00:00\" \/>\n<meta property=\"article:modified_time\" content=\"2026-03-27T17:59:03+00:00\" \/>\n<meta property=\"og:image\" content=\"https:\/\/static.xx.fbcdn.net\/images\/emoji.php\/v9\/t15\/1\/16\/1f948.png\" \/>\n<meta name=\"author\" content=\"Lagnieu Gym\" \/>\n<meta name=\"twitter:card\" content=\"summary_large_image\" \/>\n<meta name=\"twitter:label1\" content=\"\u00c9crit par\" \/>\n\t<meta name=\"twitter:data1\" content=\"Lagnieu Gym\" \/>\n\t<meta name=\"twitter:label2\" content=\"Dur\u00e9e de lecture estim\u00e9e\" \/>\n\t<meta name=\"twitter:data2\" content=\"2 minutes\" \/>\n<script type=\"application\/ld+json\" class=\"yoast-schema-graph\">{\"@context\":\"https:\/\/schema.org\",\"@graph\":[{\"@type\":\"Article\",\"@id\":\"https:\/\/lagnieugym.fr\/index.php\/2026\/03\/13\/championnat-interdepartemental-individuel-performance-poussines-et-federal-a1-le-7-8-mars-a-gex\/#article\",\"isPartOf\":{\"@id\":\"https:\/\/lagnieugym.fr\/index.php\/2026\/03\/13\/championnat-interdepartemental-individuel-performance-poussines-et-federal-a1-le-7-8-mars-a-gex\/\"},\"author\":{\"name\":\"Lagnieu Gym\",\"@id\":\"https:\/\/lagnieugym.fr\/#\/schema\/person\/9601e71d745e899f808724706bc3ddea\"},\"headline\":\"Championnat interd\u00e9partemental individuel performance Poussines et F\u00e9d\u00e9ral A1 le 7-8 Mars \u00e0 Gex\",\"datePublished\":\"2026-03-13T17:49:46+00:00\",\"dateModified\":\"2026-03-27T17:59:03+00:00\",\"mainEntityOfPage\":{\"@id\":\"https:\/\/lagnieugym.fr\/index.php\/2026\/03\/13\/championnat-interdepartemental-individuel-performance-poussines-et-federal-a1-le-7-8-mars-a-gex\/\"},\"wordCount\":140,\"commentCount\":0,\"image\":{\"@id\":\"https:\/\/lagnieugym.fr\/index.php\/2026\/03\/13\/championnat-interdepartemental-individuel-performance-poussines-et-federal-a1-le-7-8-mars-a-gex\/#primaryimage\"},\"thumbnailUrl\":\"https:\/\/static.xx.fbcdn.net\/images\/emoji.php\/v9\/t15\/1\/16\/1f948.png\",\"keywords\":[\"Comp\u00e9titions\",\"R\u00e9sultats\"],\"articleSection\":[\"Accueil\",\"R\u00e9sultats\"],\"inLanguage\":\"fr-FR\",\"potentialAction\":[{\"@type\":\"CommentAction\",\"name\":\"Comment\",\"target\":[\"https:\/\/lagnieugym.fr\/index.php\/2026\/03\/13\/championnat-interdepartemental-individuel-performance-poussines-et-federal-a1-le-7-8-mars-a-gex\/#respond\"]}]},{\"@type\":\"WebPage\",\"@id\":\"https:\/\/lagnieugym.fr\/index.php\/2026\/03\/13\/championnat-interdepartemental-individuel-performance-poussines-et-federal-a1-le-7-8-mars-a-gex\/\",\"url\":\"https:\/\/lagnieugym.fr\/index.php\/2026\/03\/13\/championnat-interdepartemental-individuel-performance-poussines-et-federal-a1-le-7-8-mars-a-gex\/\",\"name\":\"Championnat interd\u00e9partemental individuel performance Poussines et F\u00e9d\u00e9ral A1 le 7-8 Mars \u00e0 Gex - Lagnieu Gym\",\"isPartOf\":{\"@id\":\"https:\/\/lagnieugym.fr\/#website\"},\"primaryImageOfPage\":{\"@id\":\"https:\/\/lagnieugym.fr\/index.php\/2026\/03\/13\/championnat-interdepartemental-individuel-performance-poussines-et-federal-a1-le-7-8-mars-a-gex\/#primaryimage\"},\"image\":{\"@id\":\"https:\/\/lagnieugym.fr\/index.php\/2026\/03\/13\/championnat-interdepartemental-individuel-performance-poussines-et-federal-a1-le-7-8-mars-a-gex\/#primaryimage\"},\"thumbnailUrl\":\"https:\/\/static.xx.fbcdn.net\/images\/emoji.php\/v9\/t15\/1\/16\/1f948.png\",\"datePublished\":\"2026-03-13T17:49:46+00:00\",\"dateModified\":\"2026-03-27T17:59:03+00:00\",\"author\":{\"@id\":\"https:\/\/lagnieugym.fr\/#\/schema\/person\/9601e71d745e899f808724706bc3ddea\"},\"breadcrumb\":{\"@id\":\"https:\/\/lagnieugym.fr\/index.php\/2026\/03\/13\/championnat-interdepartemental-individuel-performance-poussines-et-federal-a1-le-7-8-mars-a-gex\/#breadcrumb\"},\"inLanguage\":\"fr-FR\",\"potentialAction\":[{\"@type\":\"ReadAction\",\"target\":[\"https:\/\/lagnieugym.fr\/index.php\/2026\/03\/13\/championnat-interdepartemental-individuel-performance-poussines-et-federal-a1-le-7-8-mars-a-gex\/\"]}]},{\"@type\":\"ImageObject\",\"inLanguage\":\"fr-FR\",\"@id\":\"https:\/\/lagnieugym.fr\/index.php\/2026\/03\/13\/championnat-interdepartemental-individuel-performance-poussines-et-federal-a1-le-7-8-mars-a-gex\/#primaryimage\",\"url\":\"https:\/\/static.xx.fbcdn.net\/images\/emoji.php\/v9\/t15\/1\/16\/1f948.png\",\"contentUrl\":\"https:\/\/static.xx.fbcdn.net\/images\/emoji.php\/v9\/t15\/1\/16\/1f948.png\"},{\"@type\":\"BreadcrumbList\",\"@id\":\"https:\/\/lagnieugym.fr\/index.php\/2026\/03\/13\/championnat-interdepartemental-individuel-performance-poussines-et-federal-a1-le-7-8-mars-a-gex\/#breadcrumb\",\"itemListElement\":[{\"@type\":\"ListItem\",\"position\":1,\"name\":\"Accueil\",\"item\":\"https:\/\/lagnieugym.fr\/\"},{\"@type\":\"ListItem\",\"position\":2,\"name\":\"Championnat interd\u00e9partemental individuel performance Poussines et F\u00e9d\u00e9ral A1 le 7-8 Mars \u00e0 Gex\"}]},{\"@type\":\"WebSite\",\"@id\":\"https:\/\/lagnieugym.fr\/#website\",\"url\":\"https:\/\/lagnieugym.fr\/\",\"name\":\"Lagnieu Gym\",\"description\":\"Club de gymnastique artistique FFGym\",\"potentialAction\":[{\"@type\":\"SearchAction\",\"target\":{\"@type\":\"EntryPoint\",\"urlTemplate\":\"https:\/\/lagnieugym.fr\/?s={search_term_string}\"},\"query-input\":{\"@type\":\"PropertyValueSpecification\",\"valueRequired\":true,\"valueName\":\"search_term_string\"}}],\"inLanguage\":\"fr-FR\"},{\"@type\":\"Person\",\"@id\":\"https:\/\/lagnieugym.fr\/#\/schema\/person\/9601e71d745e899f808724706bc3ddea\",\"name\":\"Lagnieu Gym\",\"image\":{\"@type\":\"ImageObject\",\"inLanguage\":\"fr-FR\",\"@id\":\"https:\/\/secure.gravatar.com\/avatar\/437881911014e06a619b9a638a5f385f4d720e4e6c26a61363e4de4227034a35?s=96&d=mm&r=g\",\"url\":\"https:\/\/secure.gravatar.com\/avatar\/437881911014e06a619b9a638a5f385f4d720e4e6c26a61363e4de4227034a35?s=96&d=mm&r=g\",\"contentUrl\":\"https:\/\/secure.gravatar.com\/avatar\/437881911014e06a619b9a638a5f385f4d720e4e6c26a61363e4de4227034a35?s=96&d=mm&r=g\",\"caption\":\"Lagnieu Gym\"},\"sameAs\":[\"http:\/\/lagnieugym.fr\"],\"url\":\"https:\/\/lagnieugym.fr\/index.php\/author\/admin6353\/\"}]}<\/script>\n<!-- \/ Yoast SEO plugin. -->","yoast_head_json":{"title":"Championnat interd\u00e9partemental individuel performance Poussines et F\u00e9d\u00e9ral A1 le 7-8 Mars \u00e0 Gex - Lagnieu Gym","robots":{"index":"index","follow":"follow","max-snippet":"max-snippet:-1","max-image-preview":"max-image-preview:large","max-video-preview":"max-video-preview:-1"},"canonical":"https:\/\/lagnieugym.fr\/index.php\/2026\/03\/13\/championnat-interdepartemental-individuel-performance-poussines-et-federal-a1-le-7-8-mars-a-gex\/","og_locale":"fr_FR","og_type":"article","og_title":"Championnat interd\u00e9partemental individuel performance Poussines et F\u00e9d\u00e9ral A1 le 7-8 Mars \u00e0 Gex - Lagnieu Gym","og_description":"Retour sur le championnat inter-d\u00e9partemental individuel performance Poussines et F\u00e9d\u00e9ral A1 \u00e0 Gex. Le samedi en cat\u00e9gorie performance 8 ans, Mia termine 2e\/23 , elle est qualifi\u00e9e pour la finale r\u00e9gionale.en cat\u00e9gorie performance 9 ans, Agathe termine : 21e\/31, elle est en attente du classement vertical pour la finale r\u00e9gionale Le dimanche en F\u00e9d\u00e9ral A1 10\/11 ans, Milla termine 5e\/49 et Tya termine 6e\/49en F\u00e9d\u00e9ral A1 12\/13 ans, Tha\u00efs D termine 3e\/55 et Jahlys termine 14e\/55 La saison individuelle est termin\u00e9e pour les F\u00e9d\u00e9ral A1 Bravo \u00e0 elles ! On se retrouve dimanche 15 mars pour la comp\u00e9tition interd\u00e9partemental \u00e9quipe f\u00e9d\u00e9ral A \u00e0 Jassans !","og_url":"https:\/\/lagnieugym.fr\/index.php\/2026\/03\/13\/championnat-interdepartemental-individuel-performance-poussines-et-federal-a1-le-7-8-mars-a-gex\/","og_site_name":"Lagnieu Gym","article_publisher":"https:\/\/www.facebook.com\/profile.php?id=100089712349019","article_published_time":"2026-03-13T17:49:46+00:00","article_modified_time":"2026-03-27T17:59:03+00:00","og_image":[{"url":"https:\/\/static.xx.fbcdn.net\/images\/emoji.php\/v9\/t15\/1\/16\/1f948.png","type":"","width":"","height":""}],"author":"Lagnieu Gym","twitter_card":"summary_large_image","twitter_misc":{"\u00c9crit par":"Lagnieu Gym","Dur\u00e9e de lecture estim\u00e9e":"2 minutes"},"schema":{"@context":"https:\/\/schema.org","@graph":[{"@type":"Article","@id":"https:\/\/lagnieugym.fr\/index.php\/2026\/03\/13\/championnat-interdepartemental-individuel-performance-poussines-et-federal-a1-le-7-8-mars-a-gex\/#article","isPartOf":{"@id":"https:\/\/lagnieugym.fr\/index.php\/2026\/03\/13\/championnat-interdepartemental-individuel-performance-poussines-et-federal-a1-le-7-8-mars-a-gex\/"},"author":{"name":"Lagnieu Gym","@id":"https:\/\/lagnieugym.fr\/#\/schema\/person\/9601e71d745e899f808724706bc3ddea"},"headline":"Championnat interd\u00e9partemental individuel performance Poussines et F\u00e9d\u00e9ral A1 le 7-8 Mars \u00e0 Gex","datePublished":"2026-03-13T17:49:46+00:00","dateModified":"2026-03-27T17:59:03+00:00","mainEntityOfPage":{"@id":"https:\/\/lagnieugym.fr\/index.php\/2026\/03\/13\/championnat-interdepartemental-individuel-performance-poussines-et-federal-a1-le-7-8-mars-a-gex\/"},"wordCount":140,"commentCount":0,"image":{"@id":"https:\/\/lagnieugym.fr\/index.php\/2026\/03\/13\/championnat-interdepartemental-individuel-performance-poussines-et-federal-a1-le-7-8-mars-a-gex\/#primaryimage"},"thumbnailUrl":"https:\/\/static.xx.fbcdn.net\/images\/emoji.php\/v9\/t15\/1\/16\/1f948.png","keywords":["Comp\u00e9titions","R\u00e9sultats"],"articleSection":["Accueil","R\u00e9sultats"],"inLanguage":"fr-FR","potentialAction":[{"@type":"CommentAction","name":"Comment","target":["https:\/\/lagnieugym.fr\/index.php\/2026\/03\/13\/championnat-interdepartemental-individuel-performance-poussines-et-federal-a1-le-7-8-mars-a-gex\/#respond"]}]},{"@type":"WebPage","@id":"https:\/\/lagnieugym.fr\/index.php\/2026\/03\/13\/championnat-interdepartemental-individuel-performance-poussines-et-federal-a1-le-7-8-mars-a-gex\/","url":"https:\/\/lagnieugym.fr\/index.php\/2026\/03\/13\/championnat-interdepartemental-individuel-performance-poussines-et-federal-a1-le-7-8-mars-a-gex\/","name":"Championnat interd\u00e9partemental individuel performance Poussines et F\u00e9d\u00e9ral A1 le 7-8 Mars \u00e0 Gex - Lagnieu Gym","isPartOf":{"@id":"https:\/\/lagnieugym.fr\/#website"},"primaryImageOfPage":{"@id":"https:\/\/lagnieugym.fr\/index.php\/2026\/03\/13\/championnat-interdepartemental-individuel-performance-poussines-et-federal-a1-le-7-8-mars-a-gex\/#primaryimage"},"image":{"@id":"https:\/\/lagnieugym.fr\/index.php\/2026\/03\/13\/championnat-interdepartemental-individuel-performance-poussines-et-federal-a1-le-7-8-mars-a-gex\/#primaryimage"},"thumbnailUrl":"https:\/\/static.xx.fbcdn.net\/images\/emoji.php\/v9\/t15\/1\/16\/1f948.png","datePublished":"2026-03-13T17:49:46+00:00","dateModified":"2026-03-27T17:59:03+00:00","author":{"@id":"https:\/\/lagnieugym.fr\/#\/schema\/person\/9601e71d745e899f808724706bc3ddea"},"breadcrumb":{"@id":"https:\/\/lagnieugym.fr\/index.php\/2026\/03\/13\/championnat-interdepartemental-individuel-performance-poussines-et-federal-a1-le-7-8-mars-a-gex\/#breadcrumb"},"inLanguage":"fr-FR","potentialAction":[{"@type":"ReadAction","target":["https:\/\/lagnieugym.fr\/index.php\/2026\/03\/13\/championnat-interdepartemental-individuel-performance-poussines-et-federal-a1-le-7-8-mars-a-gex\/"]}]},{"@type":"ImageObject","inLanguage":"fr-FR","@id":"https:\/\/lagnieugym.fr\/index.php\/2026\/03\/13\/championnat-interdepartemental-individuel-performance-poussines-et-federal-a1-le-7-8-mars-a-gex\/#primaryimage","url":"https:\/\/static.xx.fbcdn.net\/images\/emoji.php\/v9\/t15\/1\/16\/1f948.png","contentUrl":"https:\/\/static.xx.fbcdn.net\/images\/emoji.php\/v9\/t15\/1\/16\/1f948.png"},{"@type":"BreadcrumbList","@id":"https:\/\/lagnieugym.fr\/index.php\/2026\/03\/13\/championnat-interdepartemental-individuel-performance-poussines-et-federal-a1-le-7-8-mars-a-gex\/#breadcrumb","itemListElement":[{"@type":"ListItem","position":1,"name":"Accueil","item":"https:\/\/lagnieugym.fr\/"},{"@type":"ListItem","position":2,"name":"Championnat interd\u00e9partemental individuel performance Poussines et F\u00e9d\u00e9ral A1 le 7-8 Mars \u00e0 Gex"}]},{"@type":"WebSite","@id":"https:\/\/lagnieugym.fr\/#website","url":"https:\/\/lagnieugym.fr\/","name":"Lagnieu Gym","description":"Club de gymnastique artistique FFGym","potentialAction":[{"@type":"SearchAction","target":{"@type":"EntryPoint","urlTemplate":"https:\/\/lagnieugym.fr\/?s={search_term_string}"},"query-input":{"@type":"PropertyValueSpecification","valueRequired":true,"valueName":"search_term_string"}}],"inLanguage":"fr-FR"},{"@type":"Person","@id":"https:\/\/lagnieugym.fr\/#\/schema\/person\/9601e71d745e899f808724706bc3ddea","name":"Lagnieu Gym","image":{"@type":"ImageObject","inLanguage":"fr-FR","@id":"https:\/\/secure.gravatar.com\/avatar\/437881911014e06a619b9a638a5f385f4d720e4e6c26a61363e4de4227034a35?s=96&d=mm&r=g","url":"https:\/\/secure.gravatar.com\/avatar\/437881911014e06a619b9a638a5f385f4d720e4e6c26a61363e4de4227034a35?s=96&d=mm&r=g","contentUrl":"https:\/\/secure.gravatar.com\/avatar\/437881911014e06a619b9a638a5f385f4d720e4e6c26a61363e4de4227034a35?s=96&d=mm&r=g","caption":"Lagnieu Gym"},"sameAs":["http:\/\/lagnieugym.fr"],"url":"https:\/\/lagnieugym.fr\/index.php\/author\/admin6353\/"}]}},"_links":{"self":[{"href":"https:\/\/lagnieugym.fr\/index.php\/wp-json\/wp\/v2\/posts\/3099","targetHints":{"allow":["GET"]}}],"collection":[{"href":"https:\/\/lagnieugym.fr\/index.php\/wp-json\/wp\/v2\/posts"}],"about":[{"href":"https:\/\/lagnieugym.fr\/index.php\/wp-json\/wp\/v2\/types\/post"}],"author":[{"embeddable":true,"href":"https:\/\/lagnieugym.fr\/index.php\/wp-json\/wp\/v2\/users\/1"}],"replies":[{"embeddable":true,"href":"https:\/\/lagnieugym.fr\/index.php\/wp-json\/wp\/v2\/comments?post=3099"}],"version-history":[{"count":1,"href":"https:\/\/lagnieugym.fr\/index.php\/wp-json\/wp\/v2\/posts\/3099\/revisions"}],"predecessor-version":[{"id":3105,"href":"https:\/\/lagnieugym.fr\/index.php\/wp-json\/wp\/v2\/posts\/3099\/revisions\/3105"}],"wp:attachment":[{"href":"https:\/\/lagnieugym.fr\/index.php\/wp-json\/wp\/v2\/media?parent=3099"}],"wp:term":[{"taxonomy":"category","embeddable":true,"href":"https:\/\/lagnieugym.fr\/index.php\/wp-json\/wp\/v2\/categories?post=3099"},{"taxonomy":"post_tag","embeddable":true,"href":"https:\/\/lagnieugym.fr\/index.php\/wp-json\/wp\/v2\/tags?post=3099"}],"curies":[{"name":"wp","href":"https:\/\/api.w.org\/{rel}","templated":true}]}}